{"id":7021,"date":"2026-09-06T12:27:16","date_gmt":"2026-09-06T12:27:16","guid":{"rendered":"https:\/\/cielo.travel\/colombia-itinerary\/"},"modified":"2026-09-06T12:27:16","modified_gmt":"2026-09-06T12:27:16","slug":"itinerario-para-colombia","status":"publish","type":"post","link":"https:\/\/cielo.travel\/es\/colombia-itinerary\/","title":{"rendered":"Itinerario por Colombia: cu\u00e1ntos d\u00edas necesitas y qu\u00e9 hacer en 7, 10 o 14"},"content":{"rendered":"<p>Siete d\u00edas en Colombia son dos ciudades bien hechas y una excursi\u00f3n de un d\u00eda desde cada una. Diez d\u00edas es el primer viaje cl\u00e1sico: Bogot\u00e1, Medell\u00edn, el Eje Cafetero y Cartagena, en ese orden, con un vuelo entre cada destino. Catorce d\u00edas es cuando el viaje deja de ser una lista de pendientes y te alcanza para el Caribe m\u00e1s all\u00e1 de Cartagena, o para el Amazonas, o para un pueblo colonial del que nadie en tu grupo hab\u00eda o\u00eddo hablar. Operamos tours privados en once destinos del pa\u00eds, todo el a\u00f1o, as\u00ed que este es el orden en que lo har\u00edamos nosotros, con los vuelos, los cierres, la altura y el clima ya resueltos, y con nuestros propios tours puestos donde m\u00e1s tiempo te ahorran.<\/p>\n<h2>\u00bfCu\u00e1ntos d\u00edas necesitas en Colombia?<\/h2>\n<p>Siete es el m\u00ednimo para un viaje que no se sienta apurado, y obliga a elegir: Bogot\u00e1, Medell\u00edn y Cartagena es la versi\u00f3n que la mayor\u00eda quiere la primera vez. Diez d\u00edas es lo que le recomendamos a cualquiera que pueda, porque suma el Eje Cafetero, que es la parte de Colombia de la que m\u00e1s habla la gente cuando vuelve a casa. Catorce d\u00edas son dos semanas bien aprovechadas: todo lo del plan de diez d\u00edas, m\u00e1s Santa Marta y el Tayrona, o un cambio por el Amazonas, La Guajira o la Ciudad Perdida. Colombia es grande y monta\u00f1osa, y las distancias que se ven cortas en el mapa no son cortas por carretera, as\u00ed que todas las versiones de abajo se mueven entre regiones en avi\u00f3n y dejan la carretera para las excursiones de un d\u00eda.<\/p>\n<p>Dos n\u00fameros definen cualquier plan. Bogot\u00e1 est\u00e1 a 2.640 metros sobre el nivel del mar, y Monserrate, que casi todos suben el primer d\u00eda, a 3.152. Aterriza all\u00ed primero, camina despacio, toma agua y deja las caminatas para despu\u00e9s. Cartagena, en cambio, se mueve entre 28 y 34 grados todo el a\u00f1o, as\u00ed que en la costa el d\u00eda empieza temprano y la mitad de la tarde es para la sombra o para el mar.<\/p>\n<h2>Seis cosas que cambian cualquier itinerario por Colombia<\/h2>\n<p><strong>No hay estaciones, pero s\u00ed meses m\u00e1s lluviosos.<\/strong> El sol sale y se pone a la misma hora todo el a\u00f1o. Seg\u00fan el portal oficial de turismo de Colombia, los periodos m\u00e1s secos van de diciembre a enero y de julio a agosto, y los m\u00e1s lluviosos de abril a mayo y de octubre a noviembre. La temperatura la define la altura, no el calendario: Bogot\u00e1 es templada, entre 12 y 17 grados, la costa Caribe est\u00e1 por encima de 24, el Amazonas por encima de 27, y Medell\u00edn y Cali quedan en el medio. En los Andes puede llover cualquier tarde de cualquier mes. Empaca capas para las tierras altas y ropa ligera para la costa, y no planees el viaje alrededor de esquivar la lluvia.<\/p>\n<p><strong>Vuela entre regiones, mu\u00e9vete por carretera dentro de ellas.<\/strong> De Bogot\u00e1 a Medell\u00edn es cerca de una hora de vuelo. De Medell\u00edn a Cartagena, poco m\u00e1s de una hora. Pereira, en el Eje Cafetero, tiene vuelos directos a Cartagena de aproximadamente una hora y media, y de Santa Marta a Bogot\u00e1 toma m\u00e1s o menos lo mismo. Avianca vuela todas estas rutas, y LATAM y las aerol\u00edneas de bajo costo Wingo y JetSMART cubren la mayor\u00eda; escribimos rese\u00f1as de <a href=\"https:\/\/cielo.travel\/es\/revision-de-la-aerolinea-avianca\/\">Avianca<\/a>, <a href=\"https:\/\/cielo.travel\/es\/resena-de-latam-colombia\/\">LATAM<\/a>, <a href=\"https:\/\/cielo.travel\/es\/revision-de-la-aerolinea-wingo\/\">Wingo<\/a> y <a href=\"https:\/\/cielo.travel\/es\/jetsmart-airline-review\/\">JetSMART<\/a> para que sepas qu\u00e9 esperar de cada una. Reserva los tramos nacionales temprano en el d\u00eda: una tarde que empieza con un vuelo retrasado es una tarde perdida.<\/p>\n<p><strong>Los lunes cierran cosas.<\/strong> El Museo del Oro de Bogot\u00e1, el Jard\u00edn Bot\u00e1nico y el Parque Arv\u00ed de Medell\u00edn, el Museo Casa de la Memoria en Medell\u00edn y el Museo del Oro Tayrona en Santa Marta cierran los lunes. La laguna de Guatavita, a las afueras de Bogot\u00e1, tambi\u00e9n cierra los lunes. El Parque Nacional del Chicamocha, en Santander, cierra lunes y martes. El d\u00eda de tu viaje que caiga en lunes, convi\u00e9rtelo en d\u00eda de traslado, de playa o de excursi\u00f3n.<\/p>\n<p><strong>El Parque Tayrona cierra tres veces al a\u00f1o.<\/strong> El parque suspende todo el turismo durante unas dos semanas en febrero, en junio y entre octubre y noviembre, un programa que la autoridad de parques nacionales llama Respira Tayrona, para que las comunidades ind\u00edgenas de la Sierra Nevada hagan sus ceremonias y el ecosistema se recupere. Si el Tayrona est\u00e1 en tu lista, confirma las fechas de tu a\u00f1o antes de fijar el orden del viaje.<\/p>\n<p><strong>El Amazonas exige la vacuna contra la fiebre amarilla.<\/strong> El Ministerio de Salud de Colombia exige que los viajeros extranjeros que van a zonas de alto riesgo se vacunen al menos diez d\u00edas antes del viaje; nuestros tours al Amazonas piden el certificado, y a nuestros viajeros les decimos que se apliquen la vacuna con al menos dos semanas de anticipaci\u00f3n. Una sola dosis protege de por vida a la mayor\u00eda de las personas. Lee <a href=\"https:\/\/cielo.travel\/es\/lo-que-realmente-necesita-saber-sobre-las-vacunas-y-las-precauciones-sanitarias-para-viajar-a-colombia\/\">nuestra gu\u00eda de vacunas y precauciones de salud<\/a> antes de reservar ese tramo.<\/p>\n<p><strong>Moverse, pagar y estar seguro es m\u00e1s sencillo de lo que sugieren los titulares.<\/strong> Antes de aterrizar, lee <a href=\"https:\/\/cielo.travel\/es\/es-colombia-segura-para-los-turistas-mi-honesta-opinion-de-anos-de-viajar-aqui\/\">nuestra opini\u00f3n honesta sobre la seguridad<\/a>, <a href=\"https:\/\/cielo.travel\/es\/lo-que-debe-saber-sobre-el-uso-de-tarjetas-de-credito-estadounidenses-en-colombia\/\">c\u00f3mo funcionan las tarjetas y el efectivo aqu\u00ed<\/a>, <a href=\"https:\/\/cielo.travel\/es\/la-propina-en-colombia\/\">c\u00f3mo funcionan las propinas<\/a> y <a href=\"https:\/\/cielo.travel\/es\/lo-que-hay-que-saber-antes-de-visitar-colombia-guia-practica-para-viajeros-internacionales\/\">las cosas pr\u00e1cticas que hay que saber antes de visitar<\/a>. Si est\u00e1s comparando empresas para organizar el viaje, <a href=\"https:\/\/cielo.travel\/es\/mejores-agencias-de-viajes-de-colombia-2025\/\">nuestra gu\u00eda de las mejores agencias de viajes en Colombia<\/a> explica c\u00f3mo verificar el registro de cualquier agencia en dos minutos.<\/p>\n<h2>Colombia en 7 d\u00edas: Bogot\u00e1, Medell\u00edn y Cartagena<\/h2>\n<p>El tri\u00e1ngulo del primer viaje. Dos d\u00edas completos en Bogot\u00e1, dos en Medell\u00edn, tres en Cartagena, un vuelo entre cada ciudad y una excursi\u00f3n de un d\u00eda desde cada una de las dos primeras. Cubre la historia de la capital, la historia urbana de la que m\u00e1s se habla en el pa\u00eds y su ciudad colonial m\u00e1s bella, y termina en el Caribe.<\/p>\n<h3>D\u00eda 1: Bogot\u00e1. La Candelaria, el Museo del Oro, Botero y Monserrate<\/h3>\n<p>Empieza donde empez\u00f3 la capital del pa\u00eds. La Candelaria fue fundada en 1538 y sus calles empedradas, sus muros coloniales pintados y sus portones con patio siguen siendo la concentraci\u00f3n de historia m\u00e1s densa de Colombia. Camina desde el Chorro de Quevedo, la plaza fundacional, hasta la Plaza de Bol\u00edvar. Dos museos quedan a pocas cuadras uno del otro: el Museo del Oro, que guarda la Balsa Muisca, el objeto que mand\u00f3 expediciones espa\u00f1olas a cruzar un continente buscando El Dorado, y el Museo Botero, la colecci\u00f3n que Fernando Botero le regal\u00f3 al pa\u00eds, que nunca cobra entrada. Termina con el telef\u00e9rico hasta Monserrate, a 3.152 metros, y toda la ciudad a tus pies. Nuestro tour D\u00eda Perfecto, de siete horas, hace las cuatro cosas con un gu\u00eda privado, recogida en el hotel, las entradas y el transporte incluidos, que en un primer d\u00eda en altura es exactamente lo que quieres.<\/p>\n<div class=\"cielo-offer\" data-cielo-offer=\"perfectday-colombia\" style=\"margin:36px 0;background:#ffffff;border:1px solid #e4e7eb;border-radius:14px;overflow:hidden;display:flex;flex-wrap:wrap;box-shadow:0 10px 30px rgba(0,0,0,0.07);font-family:Inter,sans-serif;\">\n<p style=\"margin:0;padding:0;flex:1 1 320px;min-height:240px;display:flex;background:#dfe3e8;\"><a href=\"https:\/\/cielo.travel\/es\/tours-de-colombia\/dia-perfecto-bogota-tour-privado\/\" style=\"display:block;width:100%;\"><img decoding=\"async\" src=\"https:\/\/cielo.travel\/wp-content\/uploads\/2026\/05\/perfect-day-bogota-private-tour-768x495.jpg\" srcset=\"https:\/\/cielo.travel\/wp-content\/uploads\/2026\/05\/perfect-day-bogota-private-tour-768x495.jpg 768w, https:\/\/cielo.travel\/wp-content\/uploads\/2026\/05\/perfect-day-bogota-private-tour-1024x661.jpg 1024w\" sizes=\"auto, (max-width: 700px) 100vw, 40vw\" alt=\"Viajeros en el mirador de Monserrate sobre Bogot\u00e1\" loading=\"lazy\" width=\"768\" height=\"495\" style=\"width:100%;height:100%;object-fit:cover;display:block;margin:0;padding:0;border:0;border-radius:0;\"><\/a><\/p>\n<div style=\"flex:1.3 1 340px;padding:26px 30px 28px;\">\n<p style=\"margin:0 0 8px;font-family:'Coolvetica Regular',Helvetica,Arial,sans-serif;font-size:15px;line-height:1.3;color:#135891;\">Tour privado de un d\u00eda en Bogot\u00e1<\/p>\n<p role=\"heading\" aria-level=\"3\" style=\"margin:0 0 12px;font-family:'Coolvetica Regular',Helvetica,Arial,sans-serif;font-size:28px;line-height:1.18;font-weight:400;color:#1c1c1c;\">El primer d\u00eda en Colombia, bien hecho: La Candelaria, el Museo del Oro, Botero y Monserrate con un gu\u00eda y un veh\u00edculo.<\/p>\n<p style=\"margin:0 0 16px;font-size:16px;line-height:1.55;color:#333333;\">Siete horas privadas con transporte y gu\u00eda incluidos: las calles coloniales de La Candelaria, el Museo del Oro y la colecci\u00f3n de Botero, y la subida en telef\u00e9rico a Monserrate, a 3.152 metros sobre el nivel del mar. Un veh\u00edculo, un gu\u00eda, solo tu grupo, en espa\u00f1ol o ingl\u00e9s.<\/p>\n<p style=\"margin:0 0 16px;line-height:1;\"><span style=\"display:inline-block;border:1px solid #d5dae0;border-radius:20px;padding:5px 13px;margin:0 6px 6px 0;font-size:13.5px;line-height:1.3;color:#1c1c1c;white-space:nowrap;\">7 horas<\/span><span style=\"display:inline-block;border:1px solid #d5dae0;border-radius:20px;padding:5px 13px;margin:0 6px 6px 0;font-size:13.5px;line-height:1.3;color:#1c1c1c;white-space:nowrap;\">Privado<\/span><span style=\"display:inline-block;border:1px solid #d5dae0;border-radius:20px;padding:5px 13px;margin:0 6px 6px 0;font-size:13.5px;line-height:1.3;color:#1c1c1c;white-space:nowrap;\">Espa\u00f1ol o ingl\u00e9s<\/span><span style=\"display:inline-block;border:1px solid #d5dae0;border-radius:20px;padding:5px 13px;margin:0 6px 6px 0;font-size:13.5px;line-height:1.3;color:#1c1c1c;white-space:nowrap;\">Transporte incluido<\/span><\/p>\n<p style=\"margin:0;display:flex;flex-wrap:wrap;align-items:center;gap:14px 22px;\"><a href=\"https:\/\/cielo.travel\/es\/tours-de-colombia\/dia-perfecto-bogota-tour-privado\/\" style=\"display:inline-block;background:#135891;color:#ffffff;text-decoration:none;font-family:'Coolvetica Regular',Helvetica,Arial,sans-serif;font-size:17px;line-height:1;padding:15px 30px;border-radius:100px;white-space:nowrap;\">Ver precio y disponibilidad<\/a><span style=\"font-size:13.5px;line-height:1.4;color:#555555;\">M\u00e1s de 1.200 rese\u00f1as verificadas de cinco estrellas en Google<\/span><\/p>\n<\/div>\n<\/div>\n<p>Si tienes m\u00e1s tiempo en la capital, <a href=\"https:\/\/cielo.travel\/es\/siete-dias-en-bogota-un-itinerario-privilegiado\/\">nuestro itinerario de Bogot\u00e1 para 3, 5 o 7 d\u00edas<\/a> organiza toda la semana, con los domingos, los cierres y los barrios donde comer.<\/p>\n<h3>D\u00eda 2: Bogot\u00e1. Bajo tierra en Zipaquir\u00e1 y luego la laguna donde naci\u00f3 El Dorado<\/h3>\n<p>La excursi\u00f3n que debes hacer si solo vas a hacer una. La Catedral de Sal de Zipaquir\u00e1 est\u00e1 tallada dentro de una mina de sal en funcionamiento, y no es una reconstrucci\u00f3n: all\u00ed todav\u00eda se celebra misa. Desde Zipaquir\u00e1 la carretera sube hasta la laguna de Guatavita, un c\u00edrculo casi perfecto dentro de un cr\u00e1ter a 3.100 metros, donde los caciques muiscas se cubr\u00edan de polvo de oro y hac\u00edan las ofrendas que se convirtieron en la leyenda de El Dorado. <a href=\"https:\/\/cielo.travel\/es\/tours-de-colombia\/catedral-de-sal-colombia-guatavita-tour-privado\/\">Nuestro d\u00eda de Zipaquir\u00e1 y Guatavita<\/a> hace ambas cosas en diez horas, en privado, con el almuerzo, las entradas y el recorrido incluidos. La laguna cierra los lunes; si tu d\u00eda dos cae en lunes, interc\u00e1mbialo con el d\u00eda uno.<\/p>\n<p>Si un d\u00eda de diez horas no es como quieres pasar tu segundo d\u00eda en altura, ded\u00edcalo a comer. <a href=\"https:\/\/cielo.travel\/es\/tours-de-colombia\/recorrido-gastronomico-la-candelaria-bogota-comida-callejera\/\">Nuestro tour gastron\u00f3mico de cuatro horas por La Candelaria<\/a> recorre la comida m\u00e1s antigua de la ciudad en el orden correcto, arepas y almoj\u00e1banas con los primeros vendedores, obleas rellenas de arequipe al momento, chocolate santafere\u00f1o con queso en La Puerta Falsa y una degustaci\u00f3n de caf\u00e9 colombiano para cerrar, y la tarde queda libre para <a href=\"https:\/\/cielo.travel\/es\/tours-de-colombia\/tour-de-grafiti-en-bogota-de-3-horas-por-la-candelaria\/\">el tour de grafiti de tres horas<\/a>. De cualquier forma, termina la noche de la manera m\u00e1s colombiana que existe: <a href=\"https:\/\/cielo.travel\/es\/tours-de-colombia\/tour-privado-de-tejo-en-bogota-con-experiencia-de-cerveza\/\">una noche privada de tejo<\/a> en una cancha del centro, discos de acero, mechas de p\u00f3lvora y cuatro cervezas por persona incluidas en las reglas.<\/p>\n<h3>D\u00eda 3: Vuelo a Medell\u00edn. El centro, la Plaza Botero y la Comuna 13<\/h3>\n<p>Toma el vuelo de la ma\u00f1ana; es cerca de una hora en el aire. Medell\u00edn es c\u00e1lida, y el cambio respecto a Bogot\u00e1 se siente de inmediato. Dedica la tarde a la historia por la que la ciudad es conocida. Nuestro city tour de seis horas empieza en el Parque San Antonio, donde dos p\u00e1jaros de Botero est\u00e1n uno junto al otro, uno intacto y otro destruido por una bomba en 1995, dejados all\u00ed por una decisi\u00f3n c\u00edvica deliberada. Sigue por la fachada de tablero de ajedrez del Palacio de la Cultura y entra a la Plaza Botero, donde veintitr\u00e9s figuras de bronce donadas por el artista llenan un espacio p\u00fablico completamente abierto y completamente gratuito, y luego sube en el metrocable a la Comuna 13, el barrio de ladera que pas\u00f3 de ser uno de los m\u00e1s peligrosos de Am\u00e9rica Latina al s\u00edmbolo de la transformaci\u00f3n de la ciudad. Incluye recogida en el hotel, los tiquetes del metrocable y degustaciones de comida cerca del Parque San Antonio.<\/p>\n<div class=\"cielo-offer\" data-cielo-offer=\"medellin-colombia\" style=\"margin:36px 0;background:#ffffff;border:1px solid #e4e7eb;border-radius:14px;overflow:hidden;display:flex;flex-wrap:wrap;box-shadow:0 10px 30px rgba(0,0,0,0.07);font-family:Inter,sans-serif;\">\n<p style=\"margin:0;padding:0;flex:1 1 320px;min-height:240px;display:flex;background:#dfe3e8;\"><a href=\"https:\/\/cielo.travel\/es\/tours-de-colombia\/recorrido-por-la-ciudad-de-medellin\/\" style=\"display:block;width:100%;\"><img decoding=\"async\" src=\"https:\/\/cielo.travel\/wp-content\/uploads\/2026\/05\/Grafitti_-_Plaza_-_Comuna_13_-_Medellin_-_Colombia_2024-1-1-768x571.jpg\" srcset=\"https:\/\/cielo.travel\/wp-content\/uploads\/2026\/05\/Grafitti_-_Plaza_-_Comuna_13_-_Medellin_-_Colombia_2024-1-1-768x571.jpg 768w, https:\/\/cielo.travel\/wp-content\/uploads\/2026\/05\/Grafitti_-_Plaza_-_Comuna_13_-_Medellin_-_Colombia_2024-1-1-1024x761.jpg 1024w\" sizes=\"auto, (max-width: 700px) 100vw, 40vw\" alt=\"Visitantes frente a un mural en la Comuna 13, Medell\u00edn\" loading=\"lazy\" width=\"768\" height=\"571\" style=\"width:100%;height:100%;object-fit:cover;display:block;margin:0;padding:0;border:0;border-radius:0;\"><\/a><\/p>\n<div style=\"flex:1.3 1 340px;padding:26px 30px 28px;\">\n<p style=\"margin:0 0 8px;font-family:'Coolvetica Regular',Helvetica,Arial,sans-serif;font-size:15px;line-height:1.3;color:#135891;\">Tour privado por la ciudad de Medell\u00edn<\/p>\n<p role=\"heading\" aria-level=\"3\" style=\"margin:0 0 12px;font-family:'Coolvetica Regular',Helvetica,Arial,sans-serif;font-size:28px;line-height:1.18;font-weight:400;color:#1c1c1c;\">Medell\u00edn en una tarde: el centro, la Plaza Botero y la Comuna 13 con un gu\u00eda que conoce la historia.<\/p>\n<p style=\"margin:0 0 16px;font-size:16px;line-height:1.55;color:#333333;\">Seis horas privadas con recogida en el hotel y los tiquetes del metrocable incluidos: el Parque San Antonio y sus dos p\u00e1jaros de Botero, el Palacio de la Cultura, los veintitr\u00e9s bronces de la Plaza Botero y la subida en metrocable a la Comuna 13, con degustaciones en el camino. Un gu\u00eda, solo tu grupo, en espa\u00f1ol o ingl\u00e9s.<\/p>\n<p style=\"margin:0 0 16px;line-height:1;\"><span style=\"display:inline-block;border:1px solid #d5dae0;border-radius:20px;padding:5px 13px;margin:0 6px 6px 0;font-size:13.5px;line-height:1.3;color:#1c1c1c;white-space:nowrap;\">6 horas<\/span><span style=\"display:inline-block;border:1px solid #d5dae0;border-radius:20px;padding:5px 13px;margin:0 6px 6px 0;font-size:13.5px;line-height:1.3;color:#1c1c1c;white-space:nowrap;\">Privado<\/span><span style=\"display:inline-block;border:1px solid #d5dae0;border-radius:20px;padding:5px 13px;margin:0 6px 6px 0;font-size:13.5px;line-height:1.3;color:#1c1c1c;white-space:nowrap;\">Espa\u00f1ol o ingl\u00e9s<\/span><span style=\"display:inline-block;border:1px solid #d5dae0;border-radius:20px;padding:5px 13px;margin:0 6px 6px 0;font-size:13.5px;line-height:1.3;color:#1c1c1c;white-space:nowrap;\">Recogida en el hotel<\/span><\/p>\n<p style=\"margin:0;display:flex;flex-wrap:wrap;align-items:center;gap:14px 22px;\"><a href=\"https:\/\/cielo.travel\/es\/tours-de-colombia\/recorrido-por-la-ciudad-de-medellin\/\" style=\"display:inline-block;background:#135891;color:#ffffff;text-decoration:none;font-family:'Coolvetica Regular',Helvetica,Arial,sans-serif;font-size:17px;line-height:1;padding:15px 30px;border-radius:100px;white-space:nowrap;\">Ver precio y disponibilidad<\/a><span style=\"font-size:13.5px;line-height:1.4;color:#555555;\">M\u00e1s de 1.200 rese\u00f1as verificadas de cinco estrellas en Google<\/span><\/p>\n<\/div>\n<\/div>\n<p>Si prefieres dedicarle toda la tarde a la Comuna 13, <a href=\"https:\/\/cielo.travel\/es\/tours-de-colombia\/tour-privado-de-grafiti-medellin-colombia\/\">nuestro tour privado de grafiti de cinco horas<\/a> recorre sus murales con un gu\u00eda local, y <a href=\"https:\/\/cielo.travel\/es\/tours-de-colombia\/el-centro-de-medellin-tour-historico-museo-casa-de-la-memoria\/\">el tour de cuatro horas por el centro con la Casa de la Memoria<\/a> es la versi\u00f3n para quienes quieren la historia antes que el arte. La Casa de la Memoria cierra los lunes. En la noche, Medell\u00edn tiene su propia <a href=\"https:\/\/cielo.travel\/es\/tours-de-colombia\/tour-privado-de-tejo-y-cerveza-en-medellin\/\">cancha de tejo<\/a>.<\/p>\n<h3>D\u00eda 4: Guatap\u00e9 y El Pe\u00f1ol<\/h3>\n<p>Dos horas al norte de Medell\u00edn, un monolito de granito desnudo se levanta sobre las tierras altas de Antioquia con una escalera de 700 pelda\u00f1os tallada en su cara. Desde arriba, el embalse se extiende en todas las direcciones, pen\u00ednsulas verdes y agua donde un pueblo fue sumergido a prop\u00f3sito en los a\u00f1os setenta para darle energ\u00eda al pa\u00eds. Abajo, las fachadas de Guatap\u00e9 est\u00e1n cubiertas de z\u00f3calos, paneles en bajorrelieve pintados a mano, un arte popular que existe aqu\u00ed desde antes del turismo. <a href=\"https:\/\/cielo.travel\/es\/tours-de-colombia\/tour-guatape-penol-medellin\/\">Nuestro d\u00eda privado en Guatap\u00e9<\/a> dura diez horas y suma un paseo en lancha por el embalse y un almuerzo tradicional a la subida y al pueblo. Lleva zapatos con buen agarre y agua para las escaleras.<\/p>\n<p>Si ya conoces Guatap\u00e9 o quieres tierra cafetera sin ir hasta el Eje Cafetero, <a href=\"https:\/\/cielo.travel\/es\/tours-de-colombia\/excursion-de-un-dia-a-jardin-desde-medellin-experiencia-en-finca-cafetera-paseo-por-el-pueblo-colonial\/\">Jard\u00edn<\/a> queda a 130 kil\u00f3metros al suroccidente de la ciudad: un pueblo patrimonio con una bas\u00edlica neog\u00f3tica en su plaza, una finca cafetera en producci\u00f3n con degustaci\u00f3n y un regreso de tres horas por carretera, que es la raz\u00f3n por la que el d\u00eda empieza temprano. <a href=\"https:\/\/cielo.travel\/es\/tours-de-colombia\/tour-santa-fe-de-antioquia-medellin\/\">Santa Fe de Antioquia<\/a>, a dos horas y notablemente m\u00e1s caliente, fue la capital de la regi\u00f3n durante casi tres siglos y es la alternativa colonial.<\/p>\n<h3>D\u00eda 5: Vuelo a Cartagena. El atardecer desde el agua<\/h3>\n<p>Poco m\u00e1s de una hora en el aire, y la temperatura vuelve a subir. Cartagena es caliente y h\u00fameda todo el a\u00f1o, as\u00ed que la primera tarde la armamos alrededor del descanso y la bah\u00eda, no de las calles. <a href=\"https:\/\/cielo.travel\/es\/tours-de-colombia\/paseo-en-bote-privado-al-atardecer-en-cartagena\/\">Nuestro paseo privado en bote al atardecer, de tres horas<\/a> , sale del Muelle de los Pegasos con tu propio capit\u00e1n y tripulaci\u00f3n, piedra colonial a un lado de la bah\u00eda y torres de vidrio al otro, y una nevera con hielo para lo que quieras llevar a bordo. Es la primera noche correcta, y te muestra las murallas que vas a recorrer por dentro a la ma\u00f1ana siguiente.<\/p>\n<h3>D\u00eda 6: Cartagena. San Felipe, la Ciudad Amurallada y Getseman\u00ed<\/h3>\n<p>Empieza temprano, antes del calor. Cartagena fue el puerto m\u00e1s importante del imperio espa\u00f1ol en el Caribe, y todas las potencias rivales intentaron tomarla, que es la raz\u00f3n por la que las fortificaciones siguen en pie. <a href=\"https:\/\/cielo.travel\/es\/tours-de-colombia\/recorrido-por-cartagena-ciudad-amurallada-de-san-felipe-getsemani\/\">Nuestro city tour privado de seis horas y media<\/a> pasa por los t\u00faneles del Castillo San Felipe, recorre la Ciudad Amurallada y entra a Getseman\u00ed, el barrio que pele\u00f3 por su propia independencia y ahora la pinta en sus muros, con la opci\u00f3n del Convento de La Popa sobre la ciudad. Incluye la entrada a San Felipe, transporte privado y una arepa de huevo con agua de coco. Descansa durante la tarde; las plazas de Getseman\u00ed cobran vida despu\u00e9s de que oscurece.<\/p>\n<div class=\"cielo-offer\" data-cielo-offer=\"cartagena-colombia\" style=\"margin:36px 0;background:#ffffff;border:1px solid #e4e7eb;border-radius:14px;overflow:hidden;display:flex;flex-wrap:wrap;box-shadow:0 10px 30px rgba(0,0,0,0.07);font-family:Inter,sans-serif;\">\n<p style=\"margin:0;padding:0;flex:1 1 320px;min-height:240px;display:flex;background:#dfe3e8;\"><a href=\"https:\/\/cielo.travel\/es\/tours-de-colombia\/recorrido-por-cartagena-ciudad-amurallada-de-san-felipe-getsemani\/\" style=\"display:block;width:100%;\"><img decoding=\"async\" src=\"https:\/\/cielo.travel\/wp-content\/uploads\/2026\/05\/cartagena-city-tour-san-felipe-walled-city-getsemani-768x498.jpg\" srcset=\"https:\/\/cielo.travel\/wp-content\/uploads\/2026\/05\/cartagena-city-tour-san-felipe-walled-city-getsemani-768x498.jpg 768w, https:\/\/cielo.travel\/wp-content\/uploads\/2026\/05\/cartagena-city-tour-san-felipe-walled-city-getsemani-1024x665.jpg 1024w\" sizes=\"auto, (max-width: 700px) 100vw, 40vw\" alt=\"La Ciudad Amurallada de Cartagena desde arriba, con la torre de la catedral y Bocagrande al fondo\" loading=\"lazy\" width=\"768\" height=\"498\" style=\"width:100%;height:100%;object-fit:cover;display:block;margin:0;padding:0;border:0;border-radius:0;\"><\/a><\/p>\n<div style=\"flex:1.3 1 340px;padding:26px 30px 28px;\">\n<p style=\"margin:0 0 8px;font-family:'Coolvetica Regular',Helvetica,Arial,sans-serif;font-size:15px;line-height:1.3;color:#135891;\">Tour privado por la ciudad de Cartagena<\/p>\n<p role=\"heading\" aria-level=\"3\" style=\"margin:0 0 12px;font-family:'Coolvetica Regular',Helvetica,Arial,sans-serif;font-size:28px;line-height:1.18;font-weight:400;color:#1c1c1c;\">Cartagena antes del calor: los t\u00faneles de San Felipe, la Ciudad Amurallada y Getseman\u00ed con un gu\u00eda privado.<\/p>\n<p style=\"margin:0 0 16px;font-size:16px;line-height:1.55;color:#333333;\">Seis horas y media privadas antes del calor del d\u00eda: los t\u00faneles del Castillo San Felipe, la Ciudad Amurallada, los murales de Getseman\u00ed y la opci\u00f3n del Convento de La Popa sobre la ciudad. Incluye la entrada a San Felipe, transporte privado y una arepa de huevo con agua de coco, en espa\u00f1ol o ingl\u00e9s.<\/p>\n<p style=\"margin:0 0 16px;line-height:1;\"><span style=\"display:inline-block;border:1px solid #d5dae0;border-radius:20px;padding:5px 13px;margin:0 6px 6px 0;font-size:13.5px;line-height:1.3;color:#1c1c1c;white-space:nowrap;\">6,5 horas<\/span><span style=\"display:inline-block;border:1px solid #d5dae0;border-radius:20px;padding:5px 13px;margin:0 6px 6px 0;font-size:13.5px;line-height:1.3;color:#1c1c1c;white-space:nowrap;\">Privado<\/span><span style=\"display:inline-block;border:1px solid #d5dae0;border-radius:20px;padding:5px 13px;margin:0 6px 6px 0;font-size:13.5px;line-height:1.3;color:#1c1c1c;white-space:nowrap;\">Espa\u00f1ol o ingl\u00e9s<\/span><span style=\"display:inline-block;border:1px solid #d5dae0;border-radius:20px;padding:5px 13px;margin:0 6px 6px 0;font-size:13.5px;line-height:1.3;color:#1c1c1c;white-space:nowrap;\">Recogida en el hotel<\/span><\/p>\n<p style=\"margin:0;display:flex;flex-wrap:wrap;align-items:center;gap:14px 22px;\"><a href=\"https:\/\/cielo.travel\/es\/tours-de-colombia\/recorrido-por-cartagena-ciudad-amurallada-de-san-felipe-getsemani\/\" style=\"display:inline-block;background:#135891;color:#ffffff;text-decoration:none;font-family:'Coolvetica Regular',Helvetica,Arial,sans-serif;font-size:17px;line-height:1;padding:15px 30px;border-radius:100px;white-space:nowrap;\">Ver precio y disponibilidad<\/a><span style=\"font-size:13.5px;line-height:1.4;color:#555555;\">M\u00e1s de 1.200 rese\u00f1as verificadas de cinco estrellas en Google<\/span><\/p>\n<\/div>\n<\/div>\n<h3>D\u00eda 7: Cartagena. El mar, o la comida<\/h3>\n<p>Si vuelas a la ma\u00f1ana siguiente, pasa el \u00faltimo d\u00eda completo en el agua. <a href=\"https:\/\/cielo.travel\/es\/tours-de-colombia\/tour-privado-islas-del-rosario-cartagena\/\">Nuestro bote privado a las Islas del Rosario<\/a> son ocho horas con tu propio capit\u00e1n y tripulaci\u00f3n: snorkel sobre coral vivo en Playa Grande, los bares flotantes de Chol\u00f3n y cuatro horas sin prisa bajo un espacio reservado a la sombra de las palmeras en Playa Blanca, en Bar\u00fa. El almuerzo es mariscos frescos en la playa, pagados en el momento. Si vuelas esa misma noche, <a href=\"https:\/\/cielo.travel\/es\/tours-de-colombia\/recorrido-gastronomico-en-la-ciudad-amurallada-de-cartagena\/\">nuestro tour gastron\u00f3mico de cuatro horas por la Ciudad Amurallada<\/a> cabe en la ma\u00f1ana: arepa con huevo de un puesto callejero donde se hace como siempre se ha hecho, dulces coste\u00f1os y la comida de mercado que alimenta a los barrios y no al circuito tur\u00edstico. El aeropuerto Rafael N\u00fa\u00f1ez de Cartagena recibe vuelos internacionales, as\u00ed que revisa si hay un vuelo directo a casa antes de reservar el regreso v\u00eda Bogot\u00e1.<\/p>\n<h2>Colombia en 10 d\u00edas: suma el Eje Cafetero<\/h2>\n<p>Diez d\u00edas es el itinerario que le dar\u00edamos a un amigo. Deja los d\u00edas uno a cuatro exactamente como est\u00e1n arriba, luego vuela de Medell\u00edn al Eje Cafetero en vez de ir directo a la costa, pasa tres d\u00edas entre palmas de cera y fincas cafeteras, y vuela de Pereira a Cartagena para los \u00faltimos tres. El Eje Cafetero es el Paisaje Cultural Cafetero declarado por la UNESCO, y es la parte del viaje que la gente describe primero cuando vuelve a casa.<\/p>\n<h3>D\u00eda 5: Al Eje Cafetero. Dos pueblos pintados<\/h3>\n<p>Medell\u00edn tiene vuelos directos a Pereira de cerca de una hora, y nuestros tours recogen en Pereira, Armenia, Manizales, Salento y Filandia, as\u00ed que la base la eliges t\u00fa; Salento es la base natural para los dos d\u00edas que siguen. Llega, inst\u00e1late y dedica la tarde a <a href=\"https:\/\/cielo.travel\/es\/tours-de-colombia\/recorrido-por-el-pueblo-cafetero-salento-filandia\/\">nuestro tour privado por Filandia y Salento<\/a>: los miradores de Filandia en la colina y sus calles tranquilas, luego la Calle Real de Salento y su mirador frente a los picos de Los Nevados, con tiempo para una trucha y un caf\u00e9 en la plaza. Desde Salento o Filandia la recogida es en un Willys tradicional.<\/p>\n<h3>D\u00eda 6: El Valle de Cocora y una finca cafetera en producci\u00f3n<\/h3>\n<p>El paisaje que detiene a la gente. Las palmas de cera del Valle de Cocora se levantan m\u00e1s de 60 metros sobre la neblina andina, el \u00e1rbol nacional de Colombia en uno de sus \u00faltimos bosques intactos, a unos 1.900 metros, donde la temperatura promedio es de 15 grados y una lluvia ligera es normal. <a href=\"https:\/\/cielo.travel\/es\/tours-de-colombia\/tour-privado-valle-de-cocora-eje-cafetero\/\">Nuestro d\u00eda privado del Valle de Cocora y finca cafetera<\/a> recorre primero el valle, despu\u00e9s te lleva a una finca tradicional donde no miras sino que participas, caminando entre los surcos, recogiendo cerezas a mano y siguiendo el proceso hasta una degustaci\u00f3n de caf\u00e9 tostado minutos antes de llegar a tu taza, y cierra con una caminata por Salento. De ocho a diez horas, privado, con recogida en Armenia, Salento, Filandia o Pereira. Lleva zapatos con buen agarre; los senderos quedan embarrados despu\u00e9s de la lluvia.<\/p>\n<div class=\"cielo-offer\" data-cielo-offer=\"cocora-colombia\" style=\"margin:36px 0;background:#ffffff;border:1px solid #e4e7eb;border-radius:14px;overflow:hidden;display:flex;flex-wrap:wrap;box-shadow:0 10px 30px rgba(0,0,0,0.07);font-family:Inter,sans-serif;\">\n<p style=\"margin:0;padding:0;flex:1 1 320px;min-height:240px;display:flex;background:#dfe3e8;\"><a href=\"https:\/\/cielo.travel\/es\/tours-de-colombia\/tour-privado-valle-de-cocora-eje-cafetero\/\" style=\"display:block;width:100%;\"><img decoding=\"async\" src=\"https:\/\/cielo.travel\/wp-content\/uploads\/2026\/05\/cocora-valley-tour-private-eje-cafetero-768x432.jpg\" srcset=\"https:\/\/cielo.travel\/wp-content\/uploads\/2026\/05\/cocora-valley-tour-private-eje-cafetero-768x432.jpg 768w, https:\/\/cielo.travel\/wp-content\/uploads\/2026\/05\/cocora-valley-tour-private-eje-cafetero-1024x576.jpg 1024w\" sizes=\"auto, (max-width: 700px) 100vw, 40vw\" alt=\"Un viajero junto a una escultura con las palmas de cera del Valle de Cocora al fondo\" loading=\"lazy\" width=\"768\" height=\"432\" style=\"width:100%;height:100%;object-fit:cover;display:block;margin:0;padding:0;border:0;border-radius:0;\"><\/a><\/p>\n<div style=\"flex:1.3 1 340px;padding:26px 30px 28px;\">\n<p style=\"margin:0 0 8px;font-family:'Coolvetica Regular',Helvetica,Arial,sans-serif;font-size:15px;line-height:1.3;color:#135891;\">Tour privado de un d\u00eda en el Eje Cafetero<\/p>\n<p role=\"heading\" aria-level=\"3\" style=\"margin:0 0 12px;font-family:'Coolvetica Regular',Helvetica,Arial,sans-serif;font-size:28px;line-height:1.18;font-weight:400;color:#1c1c1c;\">Palmas de cera en la ma\u00f1ana, en la tarde la finca donde naci\u00f3 tu taza de caf\u00e9, con un solo gu\u00eda privado.<\/p>\n<p style=\"margin:0 0 16px;font-size:16px;line-height:1.55;color:#333333;\">Un d\u00eda completo privado en el Paisaje Cultural Cafetero: las palmas de cera del Valle de Cocora, luego una finca cafetera tradicional donde caminas entre los surcos, recoges las cerezas y pruebas caf\u00e9 tostado minutos antes de llegar a tu taza, y una caminata por Salento para cerrar. Incluye la entrada al valle y la recogida en Armenia, Salento, Filandia o Pereira.<\/p>\n<p style=\"margin:0 0 16px;line-height:1;\"><span style=\"display:inline-block;border:1px solid #d5dae0;border-radius:20px;padding:5px 13px;margin:0 6px 6px 0;font-size:13.5px;line-height:1.3;color:#1c1c1c;white-space:nowrap;\">8 a 10 horas<\/span><span style=\"display:inline-block;border:1px solid #d5dae0;border-radius:20px;padding:5px 13px;margin:0 6px 6px 0;font-size:13.5px;line-height:1.3;color:#1c1c1c;white-space:nowrap;\">Privado<\/span><span style=\"display:inline-block;border:1px solid #d5dae0;border-radius:20px;padding:5px 13px;margin:0 6px 6px 0;font-size:13.5px;line-height:1.3;color:#1c1c1c;white-space:nowrap;\">Espa\u00f1ol o ingl\u00e9s<\/span><span style=\"display:inline-block;border:1px solid #d5dae0;border-radius:20px;padding:5px 13px;margin:0 6px 6px 0;font-size:13.5px;line-height:1.3;color:#1c1c1c;white-space:nowrap;\">Recogida en el hotel<\/span><\/p>\n<p style=\"margin:0;display:flex;flex-wrap:wrap;align-items:center;gap:14px 22px;\"><a href=\"https:\/\/cielo.travel\/es\/tours-de-colombia\/tour-privado-valle-de-cocora-eje-cafetero\/\" style=\"display:inline-block;background:#135891;color:#ffffff;text-decoration:none;font-family:'Coolvetica Regular',Helvetica,Arial,sans-serif;font-size:17px;line-height:1;padding:15px 30px;border-radius:100px;white-space:nowrap;\">Ver precio y disponibilidad<\/a><span style=\"font-size:13.5px;line-height:1.4;color:#555555;\">M\u00e1s de 1.200 rese\u00f1as verificadas de cinco estrellas en Google<\/span><\/p>\n<\/div>\n<\/div>\n<p>Quienes montan a caballo pueden hacer el valle as\u00ed: <a href=\"https:\/\/cielo.travel\/es\/tours-de-colombia\/excursion-de-un-dia-a-caballo-por-el-valle-de-cocora-desde-salento\/\">nuestro d\u00eda a caballo por Cocora, de siete horas<\/a> , no exige experiencia, y los caballos llevan dos siglos trabajando este terreno.<\/p>\n<h3>D\u00eda 7: Tus manos en el caf\u00e9, o las aguas termales<\/h3>\n<p><a href=\"https:\/\/cielo.travel\/es\/tours-de-colombia\/granjero-por-un-dia-tour-de-cafe-salento\/\">Finca Luger<\/a> lleva cien a\u00f1os cultivando caf\u00e9, y durante cuatro horas y media es tuya para trabajarla: siembras una semilla, recoges cerezas maduras, sigues la cosecha por el despulpado, el secado y el tostado, y pruebas lo que hiciste, y luego recorres Salento con el gu\u00eda. Si ya tuviste tu d\u00eda de finca, <a href=\"https:\/\/cielo.travel\/es\/tours-de-colombia\/tour-de-aguas-termales-en-santa-rosa-de-cabal\/\">los termales de Santa Rosa de Cabal<\/a> son la recompensa: un pueblo tradicional conocido por su chorizo y luego un sendero por el bosque hasta dos piscinas termales alimentadas por cascadas, a distintas temperaturas, de seis a siete horas con conductor privado. Los puristas del caf\u00e9 deber\u00edan mirar <a href=\"https:\/\/cielo.travel\/es\/tours-de-colombia\/experiencia-secreta-de-tour-de-cafe-quindio-colombia\/\">el Secret Coffee Tour<\/a>, tres pueblos escondidos del Quind\u00edo, tres fincas y tres m\u00e9todos de preparaci\u00f3n en un d\u00eda privado de ocho horas con almuerzo. Y si tu base es Manizales, <a href=\"https:\/\/cielo.travel\/es\/tours-de-colombia\/recorrido-por-la-ciudad-de-manizales-centro-historico-teleferico-mirador-chipre\/\">nuestro city tour de Manizales<\/a> sube a la torre de la catedral y toma el cable de la ciudad hasta el mirador de Chipre.<\/p>\n<h3>D\u00edas 8 a 10: Cartagena<\/h3>\n<p>Vuela de Pereira a Cartagena, un vuelo directo de aproximadamente una hora y media, y haz los d\u00edas cinco a siete del plan de siete d\u00edas: el bote al atardecer al llegar, el city tour temprano a la ma\u00f1ana siguiente, y las Islas del Rosario o el tour gastron\u00f3mico el \u00faltimo d\u00eda. Con una tarde extra, <a href=\"https:\/\/cielo.travel\/es\/tours-de-colombia\/tour-san-basilio-de-palenque-colombia\/\">San Basilio de Palenque<\/a> queda a una hora y media de la ciudad: el primer pueblo libre de Am\u00e9rica, fundado por personas que escaparon de la esclavitud, reconocido por la UNESCO en 2005 por una cultura viva que incluye el palenquero, la \u00fanica lengua criolla de base espa\u00f1ola en Am\u00e9rica Latina. Nuestro tour privado de siete horas combina un gu\u00eda de Cielo con un gu\u00eda palenquero local e incluye un almuerzo casero de pescado, arroz con coco y pl\u00e1tano.<\/p>\n<h2>Colombia en 14 d\u00edas: suma Santa Marta y el Tayrona<\/h2>\n<p>Dos semanas te permiten bajar el ritmo y sumar la costa m\u00e1s all\u00e1 de Cartagena. Dale a Bogot\u00e1 un tercer d\u00eda, a Medell\u00edn un tercer d\u00eda, mant\u00e9n dos d\u00edas completos en el Eje Cafetero y tres en Cartagena, y luego sigue por el Caribe hasta Santa Marta para los \u00faltimos tres. Es decir, Bogot\u00e1 los d\u00edas uno a tres, Medell\u00edn del cuatro al seis, el Eje Cafetero el siete y el ocho, Cartagena del nueve al once y Santa Marta del doce al catorce.<\/p>\n<h3>D\u00eda 3 en Bogot\u00e1: come, y despu\u00e9s lee los muros<\/h3>\n<p>Usa el d\u00eda extra en Bogot\u00e1 para el tour gastron\u00f3mico y el tour de grafiti descritos en el d\u00eda dos, o sube en el TransMiCable, el cable de Bogot\u00e1, sobre las lomas del sur con <a href=\"https:\/\/cielo.travel\/es\/tours-de-colombia\/tour-privado-del-paraiso-favela-bogota\/\">el tour de El Para\u00edso<\/a>, seis horas guiadas por gente del barrio, usando TransMilenio y el cable como lo hacen los vecinos. Si aterrizas un domingo, <a href=\"https:\/\/cielo.travel\/es\/siete-dias-en-bogota-un-itinerario-privilegiado\/\">nuestro itinerario de Bogot\u00e1<\/a> te cuenta qu\u00e9 cambia.<\/p>\n<h3>D\u00eda 6 en Medell\u00edn: Jard\u00edn, o el Jard\u00edn Bot\u00e1nico y Arv\u00ed<\/h3>\n<p>Haz el d\u00eda de finca cafetera en Jard\u00edn descrito en el d\u00eda cuatro, o qu\u00e9date en la ciudad para <a href=\"https:\/\/cielo.travel\/es\/tours-de-colombia\/jardin-botanico-de-medellin-metrocable-parque-arvi-recorrido-por-la-ciudad\/\">el Jard\u00edn Bot\u00e1nico, el Metrocable y el Parque Arv\u00ed<\/a>, catorce hect\u00e1reas de investigaci\u00f3n viva en biodiversidad, una de las colecciones de orqu\u00eddeas m\u00e1s importantes de Suram\u00e9rica, y luego las l\u00edneas del cable subiendo sobre los barrios de ladera hasta un parque de bosque encima de la ciudad. Tanto el jard\u00edn como el parque cierran los lunes.<\/p>\n<h3>D\u00edas 7 y 8 en el Eje Cafetero<\/h3>\n<p>Vuela a Pereira en la ma\u00f1ana y haz la tarde de Filandia y Salento, y dedica el segundo d\u00eda completo a Cocora y la finca cafetera. Si solo puedes conservar uno, conserva Cocora.<\/p>\n<h3>D\u00edas 9 a 11 en Cartagena<\/h3>\n<p>Bote al atardecer, city tour, islas, exactamente como arriba, con Palenque como el medio d\u00eda extra si lo quieres.<\/p>\n<h3>D\u00eda 12: Por la costa hasta Santa Marta<\/h3>\n<p>Santa Marta es un traslado por carretera a lo largo de la costa desde Cartagena; cuando dise\u00f1amos el viaje, ese traslado queda planeado junto con todo lo dem\u00e1s, para que nadie termine negociando en una terminal de buses bajo el calor. Fundada en 1525, es la ciudad europea m\u00e1s antigua que sobrevive en Colombia, trece a\u00f1os m\u00e1s vieja que Bogot\u00e1. Dedica el final de la tarde a <a href=\"https:\/\/cielo.travel\/es\/tours-de-colombia\/recorrido-privado-a-pie-por-la-ciudad-vieja-de-santa-marta-y-el-museo-del-oro-tayrona\/\">nuestra caminata de tres horas por la Ciudad Vieja<\/a>: el Museo del Oro Tayrona en el primer edificio que los espa\u00f1oles terminaron aqu\u00ed, la Plaza de Bol\u00edvar, el Malec\u00f3n y la Catedral, donde todav\u00eda descansa la tumba del fundador de la ciudad. El museo cierra los lunes; un lunes, haz mejor <a href=\"https:\/\/cielo.travel\/es\/tours-de-colombia\/tour-privado-ciudad-de-santa-marta-colombia\/\">el city tour de cinco horas<\/a> , que suma la Quinta de San Pedro Alejandrino, la hacienda donde Sim\u00f3n Bol\u00edvar pas\u00f3 sus \u00faltimos d\u00edas.<\/p>\n<h3>D\u00eda 13: Parque Tayrona hasta Cabo San Juan<\/h3>\n<p>A menos de una hora de Santa Marta, el Tayrona baja desde las faldas de la Sierra Nevada hasta el mar. <a href=\"https:\/\/cielo.travel\/es\/tours-de-colombia\/tour-al-parque-tayrona-santa-marta-colombia\/\">Nuestra caminata por el Tayrona<\/a> entra por El Zaino y atraviesa la selva hasta Arrecifes, la playa m\u00e1s grande del parque, y sigue por calas consideradas entre las m\u00e1s bellas de Suram\u00e9rica hasta Cabo San Juan y su quiosco de palma sobre una punta rocosa entre dos playas. Es un d\u00eda de diez horas con unas cuatro horas de caminata sobre terreno irregular, privado con recogida en el hotel o compartido desde El Rodadero, y la entrada est\u00e1 incluida. Revisa primero las fechas de cierre del parque: cierra unas dos semanas en febrero, en junio y entre octubre y noviembre.<\/p>\n<div class=\"cielo-offer\" data-cielo-offer=\"tayrona-colombia\" style=\"margin:36px 0;background:#ffffff;border:1px solid #e4e7eb;border-radius:14px;overflow:hidden;display:flex;flex-wrap:wrap;box-shadow:0 10px 30px rgba(0,0,0,0.07);font-family:Inter,sans-serif;\">\n<p style=\"margin:0;padding:0;flex:1 1 320px;min-height:240px;display:flex;background:#dfe3e8;\"><a href=\"https:\/\/cielo.travel\/es\/tours-de-colombia\/tour-al-parque-tayrona-santa-marta-colombia\/\" style=\"display:block;width:100%;\"><img decoding=\"async\" src=\"https:\/\/cielo.travel\/wp-content\/uploads\/2026\/07\/tayrona-park-tour-santa-marta-colombia-768x551.jpg\" srcset=\"https:\/\/cielo.travel\/wp-content\/uploads\/2026\/07\/tayrona-park-tour-santa-marta-colombia-768x551.jpg 768w, https:\/\/cielo.travel\/wp-content\/uploads\/2026\/07\/tayrona-park-tour-santa-marta-colombia-1024x735.jpg 1024w\" sizes=\"auto, (max-width: 700px) 100vw, 40vw\" alt=\"Un viajero caminando por una playa bordeada de palmeras en el Parque Nacional Tayrona\" loading=\"lazy\" width=\"768\" height=\"551\" style=\"width:100%;height:100%;object-fit:cover;display:block;margin:0;padding:0;border:0;border-radius:0;\"><\/a><\/p>\n<div style=\"flex:1.3 1 340px;padding:26px 30px 28px;\">\n<p style=\"margin:0 0 8px;font-family:'Coolvetica Regular',Helvetica,Arial,sans-serif;font-size:15px;line-height:1.3;color:#135891;\">Tour de un d\u00eda desde Santa Marta<\/p>\n<p role=\"heading\" aria-level=\"3\" style=\"margin:0 0 12px;font-family:'Coolvetica Regular',Helvetica,Arial,sans-serif;font-size:28px;line-height:1.18;font-weight:400;color:#1c1c1c;\">De la selva a Cabo San Juan: el d\u00eda en el Tayrona con la entrada, el gu\u00eda y la recogida resueltos.<\/p>\n<p style=\"margin:0 0 16px;font-size:16px;line-height:1.55;color:#333333;\">Diez horas desde Santa Marta hasta el Parque Tayrona: entrada por El Zaino, selva hasta Arrecifes, calas hasta Cabo San Juan y su quiosco entre dos playas, con unas cuatro horas de caminata. La entrada al parque est\u00e1 incluida; la opci\u00f3n privada suma la recogida en el hotel, la compartida sale desde El Rodadero.<\/p>\n<p style=\"margin:0 0 16px;line-height:1;\"><span style=\"display:inline-block;border:1px solid #d5dae0;border-radius:20px;padding:5px 13px;margin:0 6px 6px 0;font-size:13.5px;line-height:1.3;color:#1c1c1c;white-space:nowrap;\">10 horas<\/span><span style=\"display:inline-block;border:1px solid #d5dae0;border-radius:20px;padding:5px 13px;margin:0 6px 6px 0;font-size:13.5px;line-height:1.3;color:#1c1c1c;white-space:nowrap;\">Privado o compartido<\/span><span style=\"display:inline-block;border:1px solid #d5dae0;border-radius:20px;padding:5px 13px;margin:0 6px 6px 0;font-size:13.5px;line-height:1.3;color:#1c1c1c;white-space:nowrap;\">Espa\u00f1ol o ingl\u00e9s<\/span><span style=\"display:inline-block;border:1px solid #d5dae0;border-radius:20px;padding:5px 13px;margin:0 6px 6px 0;font-size:13.5px;line-height:1.3;color:#1c1c1c;white-space:nowrap;\">Entrada al parque incluida<\/span><\/p>\n<p style=\"margin:0;display:flex;flex-wrap:wrap;align-items:center;gap:14px 22px;\"><a href=\"https:\/\/cielo.travel\/es\/tours-de-colombia\/tour-al-parque-tayrona-santa-marta-colombia\/\" style=\"display:inline-block;background:#135891;color:#ffffff;text-decoration:none;font-family:'Coolvetica Regular',Helvetica,Arial,sans-serif;font-size:17px;line-height:1;padding:15px 30px;border-radius:100px;white-space:nowrap;\">Ver precio y disponibilidad<\/a><span style=\"font-size:13.5px;line-height:1.4;color:#555555;\">M\u00e1s de 1.200 rese\u00f1as verificadas de cinco estrellas en Google<\/span><\/p>\n<\/div>\n<\/div>\n<h3>D\u00eda 14: Minca, o un bote privado a tres playas<\/h3>\n<p>Refr\u00e9scate en la monta\u00f1a. <a href=\"https:\/\/cielo.travel\/es\/tours-de-colombia\/tour-minca-santa-marta-experiencia-tour\/\">Minca<\/a> est\u00e1 en las faldas de la Sierra Nevada, a menos de una hora de la ciudad: la Hacienda La Victoria, una de las fincas cafeteras m\u00e1s antiguas del pa\u00eds, luego las pozas fr\u00edas de monta\u00f1a de Pozos Azules y las cascadas de Marinka, ocho horas con gu\u00eda privado y almuerzo por tu cuenta en el pueblo. Si prefieres quedarte al nivel del mar, <a href=\"https:\/\/cielo.travel\/es\/tours-de-colombia\/recorrido-privado-en-bote-por-las-playas-de-santa-marta-santo-cristo-inca-inca-playa-blanca\/\">nuestro bote privado a Santo Cristo, Inca Inca y Playa Blanca<\/a> pasa el d\u00eda en playas a las que solo se llega por agua. Santa Marta tiene vuelos directos a Bogot\u00e1 de cerca de una hora y media para la conexi\u00f3n de regreso.<\/p>\n<h2>Cambios y adiciones: el Amazonas, la Ciudad Perdida, La Guajira, Villa de Leyva y Santander<\/h2>\n<p><strong>El Amazonas, tres o cuatro d\u00edas desde Bogot\u00e1.<\/strong> Leticia es un vuelo directo de cerca de dos horas desde la capital, y es otro pa\u00eds dentro del pa\u00eds. <a href=\"https:\/\/cielo.travel\/es\/tours-de-colombia\/amazonia-tres-fronteras-tour-de-3-dias\/\">Nuestro tour Tres Fronteras de tres d\u00edas<\/a> va de la reserva Flor de Loto, con avistamiento de aves, canoa por el bosque inundado y una noche sin electricidad, a Puerto Nari\u00f1o, uno de los pocos pueblos sin carros del Amazonas colombiano, donde una familia tikuna te recibe a cenar, y cruza a la Isla Cacao en Per\u00fa, con todas las comidas, dos noches y botas de caucho incluidas. <a href=\"https:\/\/cielo.travel\/es\/tours-de-colombia\/tour-de-4-dias-por-el-amazonas-en-leticia-colombia\/\">La versi\u00f3n de cuatro d\u00edas<\/a> suma Tabatinga en Brasil, una noche en una maloca en la selva y la b\u00fasqueda de delfines rosados en los lagos de Correo. Reemplaza a Santa Marta en el plan de dos semanas o al Eje Cafetero en el de diez d\u00edas, y necesitas el certificado de fiebre amarilla.<\/p>\n<p><strong>La Ciudad Perdida, cuatro d\u00edas a pie.<\/strong> Ciudad Perdida fue construida por los tayronas entre los siglos sexto y d\u00e9cimo, permaneci\u00f3 escondida en la Sierra Nevada hasta 1972, y hoy el acceso lo administran las comunidades kogui, arhuaca, kankuama y wiwa, sin otra forma de llegar que cuatro d\u00edas de caminata exigente entre cruces de r\u00edos y selva. <a href=\"https:\/\/cielo.travel\/es\/tours-de-colombia\/trek-a-la-ciudad-perdida-de-4-dias-en-la-sierra-nevada\/\">Nuestro trek de cuatro d\u00edas<\/a> incluye el gu\u00eda, la entrada y todas las comidas del camino. Reemplaza los d\u00edas de Santa Marta para cualquiera en buena condici\u00f3n f\u00edsica que quiera la historia que define el viaje.<\/p>\n<p><strong>La Guajira, tres d\u00edas desde Santa Marta.<\/strong> <a href=\"https:\/\/cielo.travel\/es\/tours-de-colombia\/tour-de-3-dias-la-guajira-colombia\/\">Nuestro tour por La Guajira<\/a> sube al norte por Riohacha, las salinas de Manaure y Uribia hasta Punta Gallinas, el punto m\u00e1s septentrional de Suram\u00e9rica continental, y las dunas de Taroa, que caen directo al mar. Las noches son en chinchorros en rancher\u00edas wayuu en funcionamiento y las comidas son platos wayuu de chivo, mariscos y ma\u00edz. Es un viaje de desierto aut\u00e9ntico, no una estad\u00eda de hotel.<\/p>\n<p><strong>Villa de Leyva, un d\u00eda largo o dos desde Bogot\u00e1.<\/strong> A tres horas al norte de la capital, Villa de Leyva fue fundada en 1572, es monumento nacional desde 1954, y su Plaza Mayor es una de las plazas empedradas m\u00e1s grandes del continente. <a href=\"https:\/\/cielo.travel\/es\/tours-de-colombia\/lujo-villa-de-leyva-sisga-raquira-tour\/\">Nuestro d\u00eda privado de doce horas<\/a> suma el embalse de Sisga, el pueblo de alfareros de R\u00e1quira, el museo de f\u00f3siles y las pozas minerales de Pozos Azules; <a href=\"https:\/\/cielo.travel\/es\/tours-de-colombia\/tour-de-2-dias-zipaquira-villa-de-leyva\/\">la versi\u00f3n de dos d\u00edas<\/a> lo une con la Catedral de Sal, con una noche en el pueblo y una parada en el Puente de Boyac\u00e1, donde se decidi\u00f3 la independencia el 7 de agosto de 1819. Cualquiera de los dos extiende el tramo de Bogot\u00e1 de cualquier plan de arriba.<\/p>\n<p><strong>Santander, para ca\u00f1\u00f3n y piedra colonial.<\/strong> <a href=\"https:\/\/cielo.travel\/es\/tours-de-colombia\/tour-barichara-san-gil-colombia\/\">Barichara y San Gil<\/a> combinan uno de los pueblos patrimonio oficiales de Colombia, con sus calles de piedra y el sendero del Camino Real sobre el ca\u00f1\u00f3n del Su\u00e1rez, con la capital de la aventura del pa\u00eds, y <a href=\"https:\/\/cielo.travel\/es\/tours-de-colombia\/tour-en-teleferico-parque-nacional-chicamocha\/\">el Parque Nacional del Chicamocha<\/a> te monta en un telef\u00e9rico de 6,3 kil\u00f3metros sobre un ca\u00f1\u00f3n cuyas paredes caen m\u00e1s de 2.000 metros. El parque cierra lunes y martes. Cu\u00e9ntanos si Santander est\u00e1 en tu lista y lo acomodamos en la ruta.<\/p>\n<p><strong>Cali, para bailar.<\/strong> La capital de la salsa de Colombia tiene <a href=\"https:\/\/cielo.travel\/es\/tours-de-colombia\/leccion-privada-de-salsa-con-locales-en-cali-la-capital-del-baile-de-colombia\/\">una clase privada de cuatro horas con un bailar\u00edn profesional local<\/a> que empieza con la historia y termina en la pista, y <a href=\"https:\/\/cielo.travel\/es\/tours-de-colombia\/tours-colombia-cali-city-tour-cristo-rey-salsa-san-antonio\/\">un city tour<\/a> desde el mirador de Cristo Rey hasta las calles coloniales de San Antonio. Es para viajeros en un segundo viaje, o para cualquiera para quien la m\u00fasica sea el punto.<\/p>\n<h2>D\u00f3nde ubicarte<\/h2>\n<p>En Bogot\u00e1, qu\u00e9date en <a href=\"https:\/\/cielo.travel\/es\/guia-del-barrio-chapinero-bogota\/\">Chapinero<\/a> para ir caminando a cenar, en <a href=\"https:\/\/cielo.travel\/es\/la-guia-definitiva-de-la-zona-t-zona-rosa-bogotas-lado-elegante\/\">la Zona T<\/a> para tener la vida nocturna en la puerta, en <a href=\"https:\/\/cielo.travel\/es\/conoce-usaquen-bogotas-elegante-escapada-al-norte\/\">Usaqu\u00e9n<\/a> por sus calles tranquilas y el mercado de los domingos, o en <a href=\"https:\/\/cielo.travel\/es\/guia-del-barrio-la-candelaria-bogota\/\">La Candelaria<\/a> si la historia te importa m\u00e1s que la rumba; las familias deber\u00edan empezar por <a href=\"https:\/\/cielo.travel\/es\/los-8-mejores-hoteles-familiares-de-bogota-que-disfrutaran-tanto-ninos-como-adultos\/\">nuestros hoteles familiares<\/a>. En Cartagena, nuestros tours recogen en el Centro Hist\u00f3rico, Getseman\u00ed, Bocagrande, Castillogrande y El Laguito, que es tambi\u00e9n la lista corta de d\u00f3nde quedarse: dentro de las murallas o en Getseman\u00ed por las calles, Bocagrande por las torres frente a la playa. En el Eje Cafetero, Salento y Filandia te meten dentro del paisaje y nuestras recogidas van en Willys; Pereira, Armenia y Manizales son las opciones de ciudad con el aeropuerto cerca. En Medell\u00edn y Santa Marta, todos los tours privados de arriba incluyen recogida en el hotel, as\u00ed que elige el hotel por el hotel.<\/p>\n<h2>C\u00f3mo se cobran los d\u00edas y c\u00f3mo reservarlos<\/h2>\n<p>Cada tour de estos itinerarios es un producto real con su propia p\u00e1gina, una duraci\u00f3n definida y un precio mostrado por persona para dos viajeros, con descuentos para grupos m\u00e1s grandes. Nada est\u00e1 escondido detr\u00e1s de una cotizaci\u00f3n. Los tours privados incluyen el gu\u00eda y, en casi todos, la recogida en el hotel; las excursiones incluyen el veh\u00edculo y el recorrido. Lo que no est\u00e1 incluido est\u00e1 escrito en cada p\u00e1gina, normalmente las comidas en los d\u00edas de playa y las compras personales. <a href=\"https:\/\/cielo.travel\/es\/cuanto-cuesta-realmente-viajar-en-colombia-comparado-con-ee-uu\/\">Nuestra gu\u00eda de cu\u00e1nto cuesta realmente Colombia<\/a> cubre el resto del presupuesto, desde los hoteles hasta la cena.<\/p>\n<p>Puedes reservar t\u00fa mismo cada d\u00eda de arriba desde <a href=\"https:\/\/cielo.travel\/es\/los-mejores-tours-en-colombia\/\">nuestros tours en Colombia<\/a>. Si prefieres dejarnos todo a nosotros, <a href=\"https:\/\/cielo.travel\/es\/paquete-de-diseno-de-viaje-a-colombia\/\">nuestro paquete de dise\u00f1o de viaje por Colombia<\/a> es una consulta telef\u00f3nica de 99 d\u00f3lares que se convierte en un itinerario d\u00eda por d\u00eda con los traslados, la ruta y precios transparentes en USD, con una ronda de ajustes; los 99 d\u00f3lares se abonan completos a tu primer pago de reserva si sigues adelante con nosotros. No emitimos tiquetes a\u00e9reos, pero te decimos exactamente qu\u00e9 tramos reservar y cu\u00e1ndo.<\/p>\n<h2>Preguntas frecuentes<\/h2>\n<h3>\u00bfUna semana es suficiente para Colombia?<\/h3>\n<p>S\u00ed, para dos ciudades y la costa: Bogot\u00e1, Medell\u00edn y Cartagena, con una excursi\u00f3n de un d\u00eda desde cada una de las dos primeras. Dejar\u00e1s el Eje Cafetero para el pr\u00f3ximo viaje, y mucha gente vuelve por \u00e9l.<\/p>\n<h3>\u00bfCu\u00e1l es el mejor mes para visitar Colombia?<\/h3>\n<p>No hay un mes equivocado. De diciembre a enero y de julio a agosto son los periodos m\u00e1s secos en todo el pa\u00eds, y de abril a mayo y de octubre a noviembre los m\u00e1s lluviosos. La costa es caliente todo el a\u00f1o, Bogot\u00e1 es fresca todo el a\u00f1o, y el Eje Cafetero queda en el medio, con lluvias ligeras frecuentes. Si el Tayrona est\u00e1 en tu lista, evita sus semanas de cierre en febrero, junio y de finales de octubre a comienzos de noviembre.<\/p>\n<h3>\u00bfDebo volar o ir por carretera entre ciudades?<\/h3>\n<p>Vuela. Bogot\u00e1, Medell\u00edn, el Eje Cafetero y el Caribe est\u00e1n separados por monta\u00f1as, y los vuelos son cortos. Ve por carretera solo dentro de una regi\u00f3n: las excursiones de arriba van de menos de una hora a tres horas por trayecto, y est\u00e1n armadas como tours privados con el veh\u00edculo incluido, para que el recorrido sea parte del d\u00eda y no el d\u00eda entero.<\/p>\n<h3>\u00bfNecesito hablar espa\u00f1ol?<\/h3>\n<p>En nuestros tours no, porque se hacen en ingl\u00e9s o en espa\u00f1ol con un gu\u00eda biling\u00fce. En el resto del viaje ayuda. <a href=\"https:\/\/cielo.travel\/es\/hablan-ingles-en-bogota-todo-lo-que-necesitas-saber\/\">Nuestra gu\u00eda sobre cu\u00e1nto ingl\u00e9s esperar<\/a> est\u00e1 escrita para Bogot\u00e1 y aplica en general.<\/p>\n<h3>\u00bfEn qu\u00e9 orden deben ir las ciudades?<\/h3>\n<p>Empieza en lo alto y termina en el mar. Bogot\u00e1 primero, porque all\u00ed aterrizas y porque la altura se maneja mejor al comienzo, cuando est\u00e1s descansado; Cartagena o Santa Marta al final, porque terminar en una playa es mejor que empezar en una y porque la costa Caribe tiene sus propios aeropuertos para el vuelo de regreso.<\/p>\n<h3>\u00bfEste itinerario funciona con ni\u00f1os o con padres mayores?<\/h3>\n<p>S\u00ed, con cambios. Conserva el D\u00eda Perfecto, el city tour de Medell\u00edn, el city tour de Cartagena, el bote al atardecer y la tarde de Filandia y Salento, y reemplaza la caminata del Tayrona por Minca o por el bote a las playas. Los tours privados de arriba incluyen el transporte, y el ritmo lo pones t\u00fa. Nuestras gu\u00edas de <a href=\"https:\/\/cielo.travel\/es\/cosas-divertidas-que-hacer-en-bogota-con-ninos\/\">Bogot\u00e1 con ni\u00f1os<\/a> y <a href=\"https:\/\/cielo.travel\/es\/las-mejores-cosas-que-hacer-en-bogota-para-los-mayores-amantes-de-la-cultura-el-confort-y-la-conexion\/\">Bogot\u00e1 para adultos mayores<\/a> cubren la capital en detalle.<\/p>\n<h3>\u00bfNecesito visa o vacunas?<\/h3>\n<p>Los requisitos de entrada dependen de tu pasaporte; <a href=\"https:\/\/cielo.travel\/es\/necesita-visado-para-bogota-todo-lo-que-debe-saber-antes-de-viajar\/\">nuestra gu\u00eda de visas<\/a> explica c\u00f3mo verificar el tuyo. La vacuna contra la fiebre amarilla es obligatoria para el Amazonas y recomendada para otras zonas bajas; los detalles est\u00e1n en <a href=\"https:\/\/cielo.travel\/es\/lo-que-realmente-necesita-saber-sobre-las-vacunas-y-las-precauciones-sanitarias-para-viajar-a-colombia\/\">nuestra gu\u00eda de salud<\/a>.<\/p>\n<h2>Plan\u00e9alo con nosotros<\/h2>\n<p>Cada tour de estos tres itinerarios es nuestro, privado en casi todos los casos, en ingl\u00e9s o en espa\u00f1ol, y la mayor\u00eda incluye recogida en el hotel. Escr\u00edbenos por <a href=\"https:\/\/api.whatsapp.com\/send\/?phone=573002035208\" target=\"_blank\" rel=\"noopener\">WhatsApp<\/a>con tus fechas y las ciudades que tienes en mente, revisa <a href=\"https:\/\/cielo.travel\/es\/los-mejores-tours-en-colombia\/\">todos nuestros tours en Colombia<\/a> y arma los d\u00edas t\u00fa mismo, o empieza con <a href=\"https:\/\/cielo.travel\/es\/paquete-de-diseno-de-viaje-a-colombia\/\">el paquete de dise\u00f1o de viaje<\/a> y d\u00e9janos ponerlos en el orden correcto.<\/p>\n<div class=\"cielo-offer\" data-cielo-offer=\"cielo-colombia\" style=\"margin:36px 0;background:#ffffff;border:1px solid #e4e7eb;border-radius:14px;overflow:hidden;display:flex;flex-wrap:wrap;box-shadow:0 10px 30px rgba(0,0,0,0.07);font-family:Inter,sans-serif;\">\n<p style=\"margin:0;padding:0;flex:1 1 320px;min-height:240px;display:flex;background:#dfe3e8;\"><a href=\"https:\/\/cielo.travel\/es\/los-mejores-tours-en-colombia\/\" style=\"display:block;width:100%;\"><img decoding=\"async\" src=\"https:\/\/cielo.travel\/wp-content\/uploads\/2026\/06\/214-1-e1788301055677-768x391.jpg\" srcset=\"https:\/\/cielo.travel\/wp-content\/uploads\/2026\/06\/214-1-e1788301055677-768x391.jpg 768w, https:\/\/cielo.travel\/wp-content\/uploads\/2026\/06\/214-1-e1788301055677-1024x521.jpg 1024w\" sizes=\"auto, (max-width: 700px) 100vw, 40vw\" alt=\"El Pe\u00f1\u00f3n de Guatap\u00e9 sobre el embalse\" loading=\"lazy\" width=\"768\" height=\"391\" style=\"width:100%;height:100%;object-fit:cover;display:block;margin:0;padding:0;border:0;border-radius:0;\"><\/a><\/p>\n<div style=\"flex:1.3 1 340px;padding:26px 30px 28px;\">\n<p style=\"margin:0 0 8px;font-family:'Coolvetica Regular',Helvetica,Arial,sans-serif;font-size:15px;line-height:1.3;color:#135891;\">Planeado por quienes operan los tours<\/p>\n<p role=\"heading\" aria-level=\"3\" style=\"margin:0 0 12px;font-family:'Coolvetica Regular',Helvetica,Arial,sans-serif;font-size:28px;line-height:1.18;font-weight:400;color:#1c1c1c;\">Cu\u00e9ntanos tus fechas y tus ciudades. Nosotros ponemos los d\u00edas en orden.<\/p>\n<p style=\"margin:0 0 16px;font-size:16px;line-height:1.55;color:#333333;\">Cada tour de estos itinerarios es nuestro, privado, en espa\u00f1ol o ingl\u00e9s. Escr\u00edbenos por WhatsApp con tus fechas y las ciudades que tienes en mente, o <a href=\"https:\/\/cielo.travel\/es\/los-mejores-tours-en-colombia\/\">empieza por los tours<\/a>.<\/p>\n<p style=\"margin:0 0 16px;line-height:1;\"><span style=\"display:inline-block;border:1px solid #d5dae0;border-radius:20px;padding:5px 13px;margin:0 6px 6px 0;font-size:13.5px;line-height:1.3;color:#1c1c1c;white-space:nowrap;\">Tours privados<\/span><span style=\"display:inline-block;border:1px solid #d5dae0;border-radius:20px;padding:5px 13px;margin:0 6px 6px 0;font-size:13.5px;line-height:1.3;color:#1c1c1c;white-space:nowrap;\">11 destinos<\/span><span style=\"display:inline-block;border:1px solid #d5dae0;border-radius:20px;padding:5px 13px;margin:0 6px 6px 0;font-size:13.5px;line-height:1.3;color:#1c1c1c;white-space:nowrap;\">Espa\u00f1ol o ingl\u00e9s<\/span><span style=\"display:inline-block;border:1px solid #d5dae0;border-radius:20px;padding:5px 13px;margin:0 6px 6px 0;font-size:13.5px;line-height:1.3;color:#1c1c1c;white-space:nowrap;\">Atenci\u00f3n por WhatsApp<\/span><\/p>\n<p style=\"margin:0;display:flex;flex-wrap:wrap;align-items:center;gap:14px 22px;\"><a href=\"https:\/\/api.whatsapp.com\/send\/?phone=573002035208\" style=\"display:inline-block;background:#135891;color:#ffffff;text-decoration:none;font-family:&#039;Coolvetica Regular&#039;,Helvetica,Arial,sans-serif;font-size:17px;line-height:1;padding:15px 30px;border-radius:100px;white-space:nowrap;\" target=\"_blank\" rel=\"noopener\">Escribir por WhatsApp<\/a><span style=\"font-size:13.5px;line-height:1.4;color:#555555;\">M\u00e1s de 1.200 rese\u00f1as verificadas de cinco estrellas en Google<\/span><\/p>\n<\/div>\n<\/div>","protected":false},"excerpt":{"rendered":"<p>\u00bfCu\u00e1ntos d\u00edas necesitas en Colombia? Los itinerarios de 7, 10 y 14 d\u00edas de un operador local: Bogot\u00e1, Medell\u00edn, Eje Cafetero, Cartagena, Tayrona, con los vuelos.<\/p>","protected":false},"author":5,"featured_media":3383,"comment_status":"closed","ping_status":"closed","sticky":false,"template":"","format":"standard","meta":{"_acf_changed":false,"inline_featured_image":false,"footnotes":""},"categories":[7],"tags":[],"class_list":["post-7021","post","type-post","status-publish","format-standard","has-post-thumbnail","hentry","category-news"],"acf":[],"_links":{"self":[{"href":"https:\/\/cielo.travel\/es\/wp-json\/wp\/v2\/posts\/7021","targetHints":{"allow":["GET"]}}],"collection":[{"href":"https:\/\/cielo.travel\/es\/wp-json\/wp\/v2\/posts"}],"about":[{"href":"https:\/\/cielo.travel\/es\/wp-json\/wp\/v2\/types\/post"}],"author":[{"embeddable":true,"href":"https:\/\/cielo.travel\/es\/wp-json\/wp\/v2\/users\/5"}],"replies":[{"embeddable":true,"href":"https:\/\/cielo.travel\/es\/wp-json\/wp\/v2\/comments?post=7021"}],"version-history":[{"count":0,"href":"https:\/\/cielo.travel\/es\/wp-json\/wp\/v2\/posts\/7021\/revisions"}],"wp:featuredmedia":[{"embeddable":true,"href":"https:\/\/cielo.travel\/es\/wp-json\/wp\/v2\/media\/3383"}],"wp:attachment":[{"href":"https:\/\/cielo.travel\/es\/wp-json\/wp\/v2\/media?parent=7021"}],"wp:term":[{"taxonomy":"category","embeddable":true,"href":"https:\/\/cielo.travel\/es\/wp-json\/wp\/v2\/categories?post=7021"},{"taxonomy":"post_tag","embeddable":true,"href":"https:\/\/cielo.travel\/es\/wp-json\/wp\/v2\/tags?post=7021"}],"curies":[{"name":"wp","href":"https:\/\/api.w.org\/{rel}","templated":true}]}}